{"id":9250,"date":"2023-10-04T09:33:27","date_gmt":"2023-10-04T07:33:27","guid":{"rendered":"https:\/\/www.manufakturmarton.ch\/?p=9250"},"modified":"2023-10-13T15:35:42","modified_gmt":"2023-10-13T13:35:42","slug":"testfahrt-mit-dem-elandy","status":"publish","type":"post","link":"https:\/\/www.manufakturmarton.ch\/en\/testfahrt-mit-dem-elandy\/news\/","title":{"rendered":"Testfahrt mit dem eLandy"},"content":{"rendered":"<div class=\"flex_column av_one_fourth  flex_column_div av-zero-column-padding first  avia-builder-el-0  el_before_av_two_third  avia-builder-el-first\" style='border-radius:0px; '><\/div>\n<div class=\"flex_column av_two_third  flex_column_div av-zero-column-padding   avia-builder-el-1  el_after_av_one_fourth  avia-builder-el-last\" style='border-radius:0px; '><section class=\"av_textblock_section\"  itemscope=\"itemscope\" itemtype=\"https:\/\/schema.org\/BlogPosting\" itemprop=\"blogPost\" ><div class='avia_textblock'  style='font-size:15px; '  itemprop=\"text\" ><h2>Testfahrt mit dem <span style=\"text-transform: lowercase;\">e<\/span>Landy<\/h2>\n<p>Der eLandy ist schon seit einigen Jahren elektrisch unterwegs. Er wurde seinerzeit vom DesignWerk in Winterthur umgebaut. Nun hat er bei uns ein kleines Batterie-Upgrade bekommen. Seine alten Batterien werden k\u00fcnftig als Heimspeicher genutzt.<\/p>\n<p>Seine neuen Batterien m\u00fcssen nat\u00fcrlich auf Herz und Nieren gepr\u00fcft werden. Auch abseits der Strassen.<\/p>\n<\/div><\/section><br \/>\n<div  class='avia-video avia-video-16-9 avia-video-html5'   itemprop=\"video\" itemtype=\"https:\/\/schema.org\/VideoObject\"  data-original_url='https:\/\/www.manufakturmarton.ch\/\/wp-content\/uploads\/medien\/Testfahrt_eLandy.mp4' ><video class='avia_video'    preload=\"auto\"  controls id='player_9250_1977280419_1403437635'><source src=\"https:\/\/www.manufakturmarton.ch\/\/wp-content\/uploads\/medien\/Testfahrt_eLandy.mp4\" type=\"video\/mp4\" \/><\/video><\/div><\/p><\/div>","protected":false},"excerpt":{"rendered":"<p>Der eLandy ist schon seit einigen Jahren elektrisch unterwegs. Er wurde seinerzeit vom DesignWerk in Winterthur umgebaut. Nun hat er bei uns ein kleines Batterie-Upgrade bekommen.<br \/>\nSeine neuen Batterien m\u00fcssen nat\u00fcrlich auf Herz und Nieren gepr\u00fcft werden. Auch abseits der Strassen.<\/p>\n<p>[Video auf unserer News-Seite, jetzt auch mit Ton. F\u00fcr alle, die den vermisst haben]<\/p>","protected":false},"author":3,"featured_media":9322,"comment_status":"closed","ping_status":"open","sticky":false,"template":"","format":"standard","meta":{"activitypub_content_warning":"","activitypub_content_visibility":""},"categories":[21],"tags":[],"aioseo_notices":[],"_links":{"self":[{"href":"https:\/\/www.manufakturmarton.ch\/en\/wp-json\/wp\/v2\/posts\/9250"}],"collection":[{"href":"https:\/\/www.manufakturmarton.ch\/en\/wp-json\/wp\/v2\/posts"}],"about":[{"href":"https:\/\/www.manufakturmarton.ch\/en\/wp-json\/wp\/v2\/types\/post"}],"author":[{"embeddable":true,"href":"https:\/\/www.manufakturmarton.ch\/en\/wp-json\/wp\/v2\/users\/3"}],"replies":[{"embeddable":true,"href":"https:\/\/www.manufakturmarton.ch\/en\/wp-json\/wp\/v2\/comments?post=9250"}],"version-history":[{"count":12,"href":"https:\/\/www.manufakturmarton.ch\/en\/wp-json\/wp\/v2\/posts\/9250\/revisions"}],"predecessor-version":[{"id":9678,"href":"https:\/\/www.manufakturmarton.ch\/en\/wp-json\/wp\/v2\/posts\/9250\/revisions\/9678"}],"wp:featuredmedia":[{"embeddable":true,"href":"https:\/\/www.manufakturmarton.ch\/en\/wp-json\/wp\/v2\/media\/9322"}],"wp:attachment":[{"href":"https:\/\/www.manufakturmarton.ch\/en\/wp-json\/wp\/v2\/media?parent=9250"}],"wp:term":[{"taxonomy":"category","embeddable":true,"href":"https:\/\/www.manufakturmarton.ch\/en\/wp-json\/wp\/v2\/categories?post=9250"},{"taxonomy":"post_tag","embeddable":true,"href":"https:\/\/www.manufakturmarton.ch\/en\/wp-json\/wp\/v2\/tags?post=9250"}],"curies":[{"name":"wp","href":"https:\/\/api.w.org\/{rel}","templated":true}]}}