{"id":6517,"date":"2019-08-19T14:38:52","date_gmt":"2019-08-19T14:38:52","guid":{"rendered":"https:\/\/www.manufakturmarton.ch\/?p=6517"},"modified":"2019-12-02T10:47:20","modified_gmt":"2019-12-02T10:47:20","slug":"toch","status":"publish","type":"post","link":"https:\/\/www.manufakturmarton.ch\/en\/toch\/events\/","title":{"rendered":"TOCH zu Besuch bei uns"},"content":{"rendered":"<div class=\"flex_column av_one_fourth  flex_column_div av-zero-column-padding first  avia-builder-el-0  el_before_av_two_third  avia-builder-el-first\" style='border-radius:0px; '><\/div>\n<div class=\"flex_column av_two_third  flex_column_div av-zero-column-padding   avia-builder-el-1  el_after_av_one_fourth  el_before_av_one_fourth\" style='border-radius:0px; '><section class=\"av_textblock_section\"  itemscope=\"itemscope\" itemtype=\"https:\/\/schema.org\/BlogPosting\" itemprop=\"blogPost\" ><div class='avia_textblock'   itemprop=\"text\" ><h2>Text<\/h2>\n<p>17:00 Uhr, die Getr\u00e4nke standen bereit und Dinora strahlte mit der Sonne um die Wette. Was f\u00fcr ein Auftackt in einen gelungenen Abend mit begeisterten G\u00e4sten aus dem Tesla Owners Club Helvetia (TOCH). Das Programm stand ganz im Zeichen des Spasses &#8211; und nat\u00fcrlich der Elektromobilit\u00e4t. Um 17:15 traf <a href=\"https:\/\/louispalmer.ch\/\" target=\"_blank\" rel=\"noopener noreferrer\">Louis Palmer<\/a> mit seinem Solartaxi bei uns ein und beeindruckte uns alle mit diesem tollen Gef\u00e4hrt. Nach einer kurzen Vorstellung unsererseits &#8230;<\/p>\n<\/div><\/section><\/div><div class=\"flex_column av_one_fourth  flex_column_div av-zero-column-padding first  avia-builder-el-3  el_after_av_two_third  el_before_av_three_fourth  column-top-margin\" style='border-radius:0px; '><\/div><\/p>\n<div class=\"flex_column av_three_fourth  flex_column_div av-zero-column-padding   avia-builder-el-4  el_after_av_one_fourth  avia-builder-el-last  column-top-margin\" style='border-radius:0px; '><div  class='avia-gallery  avia-gallery-1 avia_lazyload avia-gallery-animate avia_animate_when_visible  avia-builder-el-5  avia-builder-el-no-sibling'  itemprop=\"image\" itemscope=\"itemscope\" itemtype=\"https:\/\/schema.org\/ImageObject\" ><div class='avia-gallery-thumb'> <a href='https:\/\/www.manufakturmarton.ch\/wp-content\/uploads\/2019\/08\/tochevent19_1-1030x772.jpg' data-rel='gallery-1' data-prev-img='https:\/\/www.manufakturmarton.ch\/wp-content\/uploads\/2019\/08\/tochevent19_1-495x400.jpg' class='first_thumb lightbox' data-onclick='1' title='TOCH-Event'  itemprop=\"thumbnailUrl\" ><img data-avia-tooltip='TOCH-Event' src='https:\/\/www.manufakturmarton.ch\/wp-content\/uploads\/2019\/08\/tochevent19_1-495x400.jpg' width='495' height='400'  title='TOCH-Event' alt='tesla_owners_helvetia_event' \/><\/a> <a href='https:\/\/www.manufakturmarton.ch\/wp-content\/uploads\/2019\/08\/tochevent19_5-1030x772.jpg' data-rel='gallery-1' data-prev-img='https:\/\/www.manufakturmarton.ch\/wp-content\/uploads\/2019\/08\/tochevent19_5-495x400.jpg' class='lightbox' data-onclick='2' title='Till Marton erkl\u00e4rt die Elektro-Corvette'  itemprop=\"thumbnailUrl\" ><img data-avia-tooltip='Till Marton erkl\u00e4rt die Elektro-Corvette' src='https:\/\/www.manufakturmarton.ch\/wp-content\/uploads\/2019\/08\/tochevent19_5-495x400.jpg' width='495' height='400'  title='TOCH-Event' alt='tesla_owners_helvetia_event' \/><\/a> <a href='https:\/\/www.manufakturmarton.ch\/wp-content\/uploads\/2019\/08\/tochevent19_4-1030x772.jpg' data-rel='gallery-1' data-prev-img='https:\/\/www.manufakturmarton.ch\/wp-content\/uploads\/2019\/08\/tochevent19_4-495x400.jpg' class='lightbox' data-onclick='3' title='Corvette-Teile massgefertigt'  itemprop=\"thumbnailUrl\" ><img data-avia-tooltip='Corvette-Teile massgefertigt' src='https:\/\/www.manufakturmarton.ch\/wp-content\/uploads\/2019\/08\/tochevent19_4-495x400.jpg' width='495' height='400'  title='TOCH-Event' alt='tesla_owners_helvetia_event' \/><\/a> <a href='https:\/\/www.manufakturmarton.ch\/wp-content\/uploads\/2019\/08\/tochevent19_3-1030x772.jpg' data-rel='gallery-1' data-prev-img='https:\/\/www.manufakturmarton.ch\/wp-content\/uploads\/2019\/08\/tochevent19_3-495x400.jpg' class='lightbox' data-onclick='4' title='Bilder sagen mehr als Worte'  itemprop=\"thumbnailUrl\" ><img data-avia-tooltip='Bilder sagen mehr als Worte' src='https:\/\/www.manufakturmarton.ch\/wp-content\/uploads\/2019\/08\/tochevent19_3-495x400.jpg' width='495' height='400'  title='TOCH-Event' alt='tesla_owners_helvetia_event' \/><\/a> <a href='https:\/\/www.manufakturmarton.ch\/wp-content\/uploads\/2019\/08\/tochevent19_2-1030x772.jpg' data-rel='gallery-1' data-prev-img='https:\/\/www.manufakturmarton.ch\/wp-content\/uploads\/2019\/08\/tochevent19_2-495x400.jpg' class='lightbox' data-onclick='5' title='Louis Palmer mit seinem Solartaxi'  itemprop=\"thumbnailUrl\" ><img data-avia-tooltip='Louis Palmer mit seinem Solartaxi' src='https:\/\/www.manufakturmarton.ch\/wp-content\/uploads\/2019\/08\/tochevent19_2-495x400.jpg' width='495' height='400'  title='TOCH-Event' alt='tesla_owners_helvetia_event' \/><\/a><\/div><\/div><\/div>","protected":false},"excerpt":{"rendered":"","protected":false},"author":2,"featured_media":6523,"comment_status":"open","ping_status":"open","sticky":false,"template":"","format":"standard","meta":{"activitypub_content_warning":"","activitypub_content_visibility":""},"categories":[18,21],"tags":[],"aioseo_notices":[],"_links":{"self":[{"href":"https:\/\/www.manufakturmarton.ch\/en\/wp-json\/wp\/v2\/posts\/6517"}],"collection":[{"href":"https:\/\/www.manufakturmarton.ch\/en\/wp-json\/wp\/v2\/posts"}],"about":[{"href":"https:\/\/www.manufakturmarton.ch\/en\/wp-json\/wp\/v2\/types\/post"}],"author":[{"embeddable":true,"href":"https:\/\/www.manufakturmarton.ch\/en\/wp-json\/wp\/v2\/users\/2"}],"replies":[{"embeddable":true,"href":"https:\/\/www.manufakturmarton.ch\/en\/wp-json\/wp\/v2\/comments?post=6517"}],"version-history":[{"count":4,"href":"https:\/\/www.manufakturmarton.ch\/en\/wp-json\/wp\/v2\/posts\/6517\/revisions"}],"predecessor-version":[{"id":6663,"href":"https:\/\/www.manufakturmarton.ch\/en\/wp-json\/wp\/v2\/posts\/6517\/revisions\/6663"}],"wp:featuredmedia":[{"embeddable":true,"href":"https:\/\/www.manufakturmarton.ch\/en\/wp-json\/wp\/v2\/media\/6523"}],"wp:attachment":[{"href":"https:\/\/www.manufakturmarton.ch\/en\/wp-json\/wp\/v2\/media?parent=6517"}],"wp:term":[{"taxonomy":"category","embeddable":true,"href":"https:\/\/www.manufakturmarton.ch\/en\/wp-json\/wp\/v2\/categories?post=6517"},{"taxonomy":"post_tag","embeddable":true,"href":"https:\/\/www.manufakturmarton.ch\/en\/wp-json\/wp\/v2\/tags?post=6517"}],"curies":[{"name":"wp","href":"https:\/\/api.w.org\/{rel}","templated":true}]}}