{"id":5927,"date":"2019-06-19T18:48:07","date_gmt":"2019-06-19T18:48:07","guid":{"rendered":"https:\/\/www.manufakturmarton.ch\/?p=5927"},"modified":"2019-11-18T10:41:16","modified_gmt":"2019-11-18T10:41:16","slug":"tag-5-sion-nendaz-aproz-bernex-divonne","status":"publish","type":"post","link":"https:\/\/www.manufakturmarton.ch\/en\/tag-5-sion-nendaz-aproz-bernex-divonne\/wave2019\/","title":{"rendered":"Tag 5: Sion, Nendaz, Aproz, Bernex, Divonne"},"content":{"rendered":"<div class=\"flex_column av_one_fourth  flex_column_div av-zero-column-padding first  avia-builder-el-0  el_before_av_two_third  avia-builder-el-first\" style='border-radius:0px; '><\/div>\n<div class=\"flex_column av_two_third  flex_column_div av-zero-column-padding   avia-builder-el-1  el_after_av_one_fourth  el_before_av_one_fourth\" style='border-radius:0px; '><section class=\"av_textblock_section\"  itemscope=\"itemscope\" itemtype=\"https:\/\/schema.org\/BlogPosting\" itemprop=\"blogPost\" ><div class='avia_textblock'   itemprop=\"text\" ><h2>Tag 5: Sion, Nendaz, Aproz, Bernex, Divonne<\/h2>\n<p>Ab in die Romandie und nach Frankreich. Als erster Halt stand heute die Kl\u00e4ranlage in Sion auf dem Programm. Ja, richtig gelesen. Die Kl\u00e4ranlage. Was das mit der Wave zu tun hat? Ganz einfach, hier werden sogenannte mikrobielle Brennstoffzellen getestet. Und zwar im Rahmen eines Forschungsprojektes der Fachhochschule Westschweiz Wallis \/ Haute \u00c9cole sp\u00e9cialis\u00e9e de Suisse occidentale Valais. Und das funktioniert so: Bakterien bauen organische Stoffe aus dem Wasser ab. Dadurch entstehen als Produkte sauberes Wasser, CO<sub>2<\/sub> sowie Elektronen und Protonen. Die Baktieren haften an einer Anode, und geben die Elektronen an diese ab, w\u00e4hrend die Protonen \u00fcber eine Membran zur Kathode wandern. F\u00fcr ein Elektroauto reicht die Strommenge zwar noch nicht ganz, aber zumindest mal f\u00fcr ein Handy.<\/p>\n<p>Weiter ging es nach Nendaz zu einem weiteren Schulbesuch. In Aproz erwartete uns dann ein k\u00e4siges Mittagessen. Es geht doch nichs \u00fcber ein z\u00fcnftiges Raclette im Sommer. Die Walliser wissen schon, was gut ist. Leider reichte Zeit nur f\u00fcr zwei Portionen, wir h\u00e4tten durchaus noch mehr vertragen, bevor wir uns auf den Weg nach Bernex gemacht haben.<\/p>\n<p>Die letzte Station f\u00fcr heute war f\u00fcr einmal nicht in der Schweiz, sondern in Frankreich. Genauer gesagt in Divonne-les-Bains.<\/p>\n<\/div><\/section><\/div><div class=\"flex_column av_one_fourth  flex_column_div av-zero-column-padding first  avia-builder-el-3  el_after_av_two_third  el_before_av_two_third  column-top-margin\" style='border-radius:0px; '><\/div><\/p>\n<div class=\"flex_column av_two_third  flex_column_div av-zero-column-padding   avia-builder-el-4  el_after_av_one_fourth  el_before_av_one_fourth  column-top-margin\" style='border-radius:0px; '><div  class='avia-gallery  avia-gallery-1 avia_lazyload avia-gallery-animate avia_animate_when_visible  avia-builder-el-5  avia-builder-el-no-sibling'  itemprop=\"image\" itemscope=\"itemscope\" itemtype=\"https:\/\/schema.org\/ImageObject\" ><div class='avia-gallery-thumb'> <a href='https:\/\/www.manufakturmarton.ch\/wp-content\/uploads\/2018\/07\/logo_manufakturmarton.png' data-rel='gallery-1' data-prev-img='https:\/\/www.manufakturmarton.ch\/wp-content\/uploads\/2018\/07\/logo_manufakturmarton.png' class='first_thumb 5' data-onclick='1' title=''  itemprop=\"thumbnailUrl\" ><img  src='https:\/\/www.manufakturmarton.ch\/wp-content\/uploads\/2018\/07\/logo_manufakturmarton.png' width='340' height='156'  title='logo_manufakturmarton' alt='' \/><\/a> <a href='https:\/\/www.manufakturmarton.ch\/wp-content\/uploads\/2018\/07\/testbild_c1_slider-1030x694.jpg' data-rel='gallery-1' data-prev-img='https:\/\/www.manufakturmarton.ch\/wp-content\/uploads\/2018\/07\/testbild_c1_slider-495x400.jpg' class='5' data-onclick='2' title='Bild4'  itemprop=\"thumbnailUrl\" ><img data-avia-tooltip='Bild4' src='https:\/\/www.manufakturmarton.ch\/wp-content\/uploads\/2018\/07\/testbild_c1_slider-495x400.jpg' width='495' height='400'  title='Corvette C1 Designstudie' alt='' \/><\/a> <a href='https:\/\/www.manufakturmarton.ch\/wp-content\/uploads\/2018\/07\/marke_MM_final_schwarz.jpg' data-rel='gallery-1' data-prev-img='https:\/\/www.manufakturmarton.ch\/wp-content\/uploads\/2018\/07\/marke_MM_final_schwarz-495x400.jpg' class='5' data-onclick='3' title='logo manufaktur marton'  itemprop=\"thumbnailUrl\" ><img  src='https:\/\/www.manufakturmarton.ch\/wp-content\/uploads\/2018\/07\/marke_MM_final_schwarz-495x400.jpg' width='495' height='400'  title='marke_MM_final_schwarz' alt='Logo' \/><\/a> <a href='https:\/\/www.manufakturmarton.ch\/wp-content\/uploads\/2018\/07\/marke_MM_favicon.png' data-rel='gallery-1' data-prev-img='https:\/\/www.manufakturmarton.ch\/wp-content\/uploads\/2018\/07\/marke_MM_favicon.png' class='5' data-onclick='4' title=''  itemprop=\"thumbnailUrl\" ><img  src='https:\/\/www.manufakturmarton.ch\/wp-content\/uploads\/2018\/07\/marke_MM_favicon.png' width='255' height='255'  title='marke_MM_favicon' alt='' \/><\/a> <a href='https:\/\/www.manufakturmarton.ch\/wp-content\/uploads\/2018\/07\/gallerietest1-1030x687.jpg' data-rel='gallery-1' data-prev-img='https:\/\/www.manufakturmarton.ch\/wp-content\/uploads\/2018\/07\/gallerietest1-495x400.jpg' class='5' data-onclick='5' title='Bild3'  itemprop=\"thumbnailUrl\" ><img data-avia-tooltip='Bild3' src='https:\/\/www.manufakturmarton.ch\/wp-content\/uploads\/2018\/07\/gallerietest1-495x400.jpg' width='495' height='400'  title='Corvette C1 restauriert' alt='' \/><\/a><\/div><\/div><\/div>","protected":false},"excerpt":{"rendered":"","protected":false},"author":2,"featured_media":5937,"comment_status":"open","ping_status":"open","sticky":false,"template":"","format":"standard","meta":{"activitypub_content_warning":"","activitypub_content_visibility":""},"categories":[21,15],"tags":[],"aioseo_notices":[],"_links":{"self":[{"href":"https:\/\/www.manufakturmarton.ch\/en\/wp-json\/wp\/v2\/posts\/5927"}],"collection":[{"href":"https:\/\/www.manufakturmarton.ch\/en\/wp-json\/wp\/v2\/posts"}],"about":[{"href":"https:\/\/www.manufakturmarton.ch\/en\/wp-json\/wp\/v2\/types\/post"}],"author":[{"embeddable":true,"href":"https:\/\/www.manufakturmarton.ch\/en\/wp-json\/wp\/v2\/users\/2"}],"replies":[{"embeddable":true,"href":"https:\/\/www.manufakturmarton.ch\/en\/wp-json\/wp\/v2\/comments?post=5927"}],"version-history":[{"count":1,"href":"https:\/\/www.manufakturmarton.ch\/en\/wp-json\/wp\/v2\/posts\/5927\/revisions"}],"predecessor-version":[{"id":5928,"href":"https:\/\/www.manufakturmarton.ch\/en\/wp-json\/wp\/v2\/posts\/5927\/revisions\/5928"}],"wp:featuredmedia":[{"embeddable":true,"href":"https:\/\/www.manufakturmarton.ch\/en\/wp-json\/wp\/v2\/media\/5937"}],"wp:attachment":[{"href":"https:\/\/www.manufakturmarton.ch\/en\/wp-json\/wp\/v2\/media?parent=5927"}],"wp:term":[{"taxonomy":"category","embeddable":true,"href":"https:\/\/www.manufakturmarton.ch\/en\/wp-json\/wp\/v2\/categories?post=5927"},{"taxonomy":"post_tag","embeddable":true,"href":"https:\/\/www.manufakturmarton.ch\/en\/wp-json\/wp\/v2\/tags?post=5927"}],"curies":[{"name":"wp","href":"https:\/\/api.w.org\/{rel}","templated":true}]}}