{"id":10928,"date":"2026-01-30T15:30:08","date_gmt":"2026-01-30T14:30:08","guid":{"rendered":"https:\/\/www.manufakturmarton.ch\/?p=10928"},"modified":"2026-01-30T15:30:08","modified_gmt":"2026-01-30T14:30:08","slug":"wohin-mit-der-ladedose","status":"publish","type":"post","link":"https:\/\/www.manufakturmarton.ch\/en\/wohin-mit-der-ladedose\/news\/","title":{"rendered":"Wohin mit der Ladedose?"},"content":{"rendered":"<div class=\"flex_column av_one_fourth  flex_column_div av-zero-column-padding first  avia-builder-el-0  el_before_av_two_third  avia-builder-el-first\" style='border-radius:0px; '><\/div>\n<div class=\"flex_column av_two_third  flex_column_div av-zero-column-padding   avia-builder-el-1  el_after_av_one_fourth  el_before_av_one_fourth\" style='border-radius:0px; '><section class=\"av_textblock_section\"  itemscope=\"itemscope\" itemtype=\"https:\/\/schema.org\/BlogPosting\" itemprop=\"blogPost\" ><div class='avia_textblock'  style='font-size:15px; '  itemprop=\"text\" ><h2>Wohin mit der Ladedose?<\/h2>\n<p>Na logisch, dort hin, wo fr\u00fcher getankt wurde!<\/p>\n<p>Ganz so einfach ist das dann aber oft doch nicht. Manchmal gibt es n\u00e4mlich gar keine Tankklappe. Dies war sowohl beim <a href=\"https:\/\/www.manufakturmarton.ch\/en\/delorean-dmc\/\">DeLorean.<\/a> als auch beim <a href=\"https:\/\/www.manufakturmarton.ch\/en\/fiat-500\/\">Fiat 500<\/a> der Fall. Bei beiden muss man zum Tanken die Fronthaube \u00f6ffnen. Was beim Tanken noch halbwegs praktikabel ist, ist beim Laden dann doch nicht ganz optimal. Also musste eine neue L\u00f6sung her.<\/p>\n<p>Naheliegend, und auch ab und an bei Umbauten gesehen, ist das Verstecken der Ladeklappe unter dem Nummernschild. Wir haben uns bei beiden Projekten jedoch gegen diesen Ansatz entschieden. Aus Komfort-Gr\u00fcnden. Dadurch w\u00e4re die Ladedose ziemlich weit unten, und wenig bequem zu erreichen.<\/p>\n<h3>DeLorean.<\/h3>\n<p>Beim DeLorean konnten wir die Tankklappe dort unterbringen, wo fr\u00fcher ein Lufteinlass f\u00fcr den K\u00fchler war. Ein wenig Gl\u00fcck war da auch dabei, denn eine CCS-Dose und der zugeh\u00f6rige Stecker brauchen doch etwas Platz. Damit sich das \u00fcberhaupt so realisieren liess, musste ein m\u00f6glichst platzsparendes Scharnier konstruiert werden.<\/p>\n<\/div><\/section><\/div>\n<div class=\"flex_column av_one_fourth  flex_column_div av-zero-column-padding first  avia-builder-el-3  el_after_av_two_third  el_before_av_two_third  column-top-margin\" style='border-radius:0px; '><\/div>\n<div class=\"flex_column av_two_third  flex_column_div av-zero-column-padding   avia-builder-el-4  el_after_av_one_fourth  el_before_av_one_fourth  column-top-margin\" style='border-radius:0px; '><div  class='avia-gallery  avia-gallery-1 animations_off  avia_animate_when_visible  avia-builder-el-5  avia-builder-el-no-sibling'  itemprop=\"image\" itemscope=\"itemscope\" itemtype=\"https:\/\/schema.org\/ImageObject\" ><div class='avia-gallery-thumb'> <a href='https:\/\/www.manufakturmarton.ch\/wp-content\/uploads\/2026\/01\/DSC02376_manufakturmarton_ladedose_blog.jpg' data-rel='gallery-1' data-prev-img='https:\/\/www.manufakturmarton.ch\/wp-content\/uploads\/2026\/01\/DSC02376_manufakturmarton_ladedose_blog-495x400.jpg' class='first_thumb lightbox' data-onclick='1' title='Der Lufteinlass f\u00fcr die K\u00fchlung, vor dem Umbau'  itemprop=\"thumbnailUrl\" ><img data-avia-tooltip='Der Lufteinlass f\u00fcr die K\u00fchlung, vor dem Umbau' src='https:\/\/www.manufakturmarton.ch\/wp-content\/uploads\/2026\/01\/DSC02376_manufakturmarton_ladedose_blog-495x400.jpg' width='495' height='400'  title='DSC02376_manufakturmarton_ladedose_blog' alt='Detailansicht eines DeLorean, hinteres Seitenfenster, und am Ende des Fensters ein Einlass f\u00fcr die Motorenk\u00fchlung.' \/><\/a> <a href='https:\/\/www.manufakturmarton.ch\/wp-content\/uploads\/2026\/01\/DSC01329_manufakturmarton_ladedose_blog.jpg' data-rel='gallery-1' data-prev-img='https:\/\/www.manufakturmarton.ch\/wp-content\/uploads\/2026\/01\/DSC01329_manufakturmarton_ladedose_blog-495x400.jpg' class='lightbox' data-onclick='2' title='Lufteinlass ohne seine Lamellen-Abdeckung'  itemprop=\"thumbnailUrl\" ><img data-avia-tooltip='Lufteinlass ohne seine Lamellen-Abdeckung' src='https:\/\/www.manufakturmarton.ch\/wp-content\/uploads\/2026\/01\/DSC01329_manufakturmarton_ladedose_blog-495x400.jpg' width='495' height='400'  title='DSC01329_manufakturmarton_ladedose_blog' alt='Basis f\u00fcr Positionierung Ladedose im Delorean bildet die ehemalige Luftzufuhr f\u00fcr die K\u00fchlung. Hier ohne die schwarze Abdeckung mit Lamellen.' \/><\/a> <a href='https:\/\/www.manufakturmarton.ch\/wp-content\/uploads\/2026\/01\/DSC02372_manufakturmarton_ladedose_blog.jpg' data-rel='gallery-1' data-prev-img='https:\/\/www.manufakturmarton.ch\/wp-content\/uploads\/2026\/01\/DSC02372_manufakturmarton_ladedose_blog-495x400.jpg' class='lightbox' data-onclick='3' title='Erste Skizze zur Positionierung der Ladedose'  itemprop=\"thumbnailUrl\" ><img data-avia-tooltip='Erste Skizze zur Positionierung der Ladedose' src='https:\/\/www.manufakturmarton.ch\/wp-content\/uploads\/2026\/01\/DSC02372_manufakturmarton_ladedose_blog-495x400.jpg' width='495' height='400'  title='DSC02372_manufakturmarton_ladedose_blog' alt='Erste Positionierungsskizze der CCS-Ladedose im Delorean' \/><\/a> <a href='https:\/\/www.manufakturmarton.ch\/wp-content\/uploads\/2026\/01\/DSC02374_manufakturmarton_ladedose_blog.jpg' data-rel='gallery-1' data-prev-img='https:\/\/www.manufakturmarton.ch\/wp-content\/uploads\/2026\/01\/DSC02374_manufakturmarton_ladedose_blog-495x400.jpg' class='lightbox' data-onclick='4' title='Gr\u00f6ssentest. Passt gerade so.'  itemprop=\"thumbnailUrl\" ><img data-avia-tooltip='Gr\u00f6ssentest. Passt gerade so.' src='https:\/\/www.manufakturmarton.ch\/wp-content\/uploads\/2026\/01\/DSC02374_manufakturmarton_ladedose_blog-495x400.jpg' width='495' height='400'  title='DSC02374_manufakturmarton_ladedose_blog' alt='Test Gr\u00f6sse CCS-Ladestecker an der linken Heckscheibe des Delorean' \/><\/a> <a href='https:\/\/www.manufakturmarton.ch\/wp-content\/uploads\/2026\/01\/manufakturmarton_ladedose_blog-1.jpg' data-rel='gallery-1' data-prev-img='https:\/\/www.manufakturmarton.ch\/wp-content\/uploads\/2026\/01\/manufakturmarton_ladedose_blog-1-495x400.jpg' class='lightbox' data-onclick='5' title='Die Konstruktion der Ladedose als CAD-Modell'  itemprop=\"thumbnailUrl\" ><img data-avia-tooltip='Die Konstruktion der Ladedose als CAD-Modell' src='https:\/\/www.manufakturmarton.ch\/wp-content\/uploads\/2026\/01\/manufakturmarton_ladedose_blog-1-495x400.jpg' width='495' height='400'  title='manufakturmarton_ladedose_blog' alt='CAD-Zeichnung der Ladedosenbaugruppe f\u00fcr den Delorean' \/><\/a> <a href='https:\/\/www.manufakturmarton.ch\/wp-content\/uploads\/2026\/01\/DSC04646_manufakturmarton_ladedose_blog.jpg' data-rel='gallery-1' data-prev-img='https:\/\/www.manufakturmarton.ch\/wp-content\/uploads\/2026\/01\/DSC04646_manufakturmarton_ladedose_blog-495x400.jpg' class='first_thumb lightbox' data-onclick='6' title='Die Ladeklappe ist vom Design her am ehemaligen Lufteinlass angelehnt'  itemprop=\"thumbnailUrl\" ><img data-avia-tooltip='Die Ladeklappe ist vom Design her am ehemaligen Lufteinlass angelehnt' src='https:\/\/www.manufakturmarton.ch\/wp-content\/uploads\/2026\/01\/DSC04646_manufakturmarton_ladedose_blog-495x400.jpg' width='495' height='400'  title='DSC04646_manufakturmarton_ladedose_blog' alt='3D-Druck Prototyp der Ladedosenklappe wird am Delorean getestet' \/><\/a> <a href='https:\/\/www.manufakturmarton.ch\/wp-content\/uploads\/2026\/01\/111514_manufakturmarton_ladedose_blog.jpg' data-rel='gallery-1' data-prev-img='https:\/\/www.manufakturmarton.ch\/wp-content\/uploads\/2026\/01\/111514_manufakturmarton_ladedose_blog-495x400.jpg' class='lightbox' data-onclick='7' title='Test des Scharniers, mit provisorischer Abdichtung'  itemprop=\"thumbnailUrl\" ><img data-avia-tooltip='Test des Scharniers, mit provisorischer Abdichtung' src='https:\/\/www.manufakturmarton.ch\/wp-content\/uploads\/2026\/01\/111514_manufakturmarton_ladedose_blog-495x400.jpg' width='495' height='400'  title='111514_manufakturmarton_ladedose_blog' alt='3-D-Prototyp der Ladeklappe in aufgeklappter Position. Provisorische Abdichtung der Ladedose.' \/><\/a> <a href='https:\/\/www.manufakturmarton.ch\/wp-content\/uploads\/2026\/01\/IMG_20231222_111521-1030x773.jpg' data-rel='gallery-1' data-prev-img='https:\/\/www.manufakturmarton.ch\/wp-content\/uploads\/2026\/01\/IMG_20231222_111521-495x400.jpg' class='lightbox' data-onclick='8' title='Test des Scharniers'  itemprop=\"thumbnailUrl\" ><img data-avia-tooltip='Test des Scharniers' src='https:\/\/www.manufakturmarton.ch\/wp-content\/uploads\/2026\/01\/IMG_20231222_111521-495x400.jpg' width='495' height='400'  title='IMG_20231222_111521' alt='Test Scharnier Ladedosendeckel am Delorean. 3-D-Prototyp der Ladeklappe in aufgeklappter Position. Zur Sicherheit ist die Carosserie mit einem Lappen gesch\u00fctzt, auf dem die Ladedosenklappe aufliegt' \/><\/a> <a href='https:\/\/www.manufakturmarton.ch\/wp-content\/uploads\/2026\/01\/143156_manufakturmarton_ladedose_blog.jpg' data-rel='gallery-1' data-prev-img='https:\/\/www.manufakturmarton.ch\/wp-content\/uploads\/2026\/01\/143156_manufakturmarton_ladedose_blog-495x400.jpg' class='lightbox' data-onclick='9' title='Das Scharnier ist m\u00f6glichst platzsparend, damit der Stecker eingesteckt werden kann.'  itemprop=\"thumbnailUrl\" ><img data-avia-tooltip='Das Scharnier ist m\u00f6glichst platzsparend, damit der Stecker eingesteckt werden kann.' src='https:\/\/www.manufakturmarton.ch\/wp-content\/uploads\/2026\/01\/143156_manufakturmarton_ladedose_blog-495x400.jpg' width='495' height='400'  title='143156_manufakturmarton_ladedose_blog' alt='Test des Ladedosenscharniers am DeLorean' \/><\/a> <a href='https:\/\/www.manufakturmarton.ch\/wp-content\/uploads\/2026\/01\/DSC05261_manufakturmarton_ladedose_blog.jpg' data-rel='gallery-1' data-prev-img='https:\/\/www.manufakturmarton.ch\/wp-content\/uploads\/2026\/01\/DSC05261_manufakturmarton_ladedose_blog-495x400.jpg' class='lightbox' data-onclick='10' title='Ladeklappe vor dem Lackieren'  itemprop=\"thumbnailUrl\" ><img data-avia-tooltip='Ladeklappe vor dem Lackieren' src='https:\/\/www.manufakturmarton.ch\/wp-content\/uploads\/2026\/01\/DSC05261_manufakturmarton_ladedose_blog-495x400.jpg' width='495' height='400'  title='DSC05261_manufakturmarton_ladedose_blog' alt='Die angeschliffene Ladeklappe, ein letztes Mal eingebaut, bevor sie zum Lackierer ging' \/><\/a> <a href='https:\/\/www.manufakturmarton.ch\/wp-content\/uploads\/2026\/01\/DSC05827_manufakturmarton_ladedose_blog.jpg' data-rel='gallery-1' data-prev-img='https:\/\/www.manufakturmarton.ch\/wp-content\/uploads\/2026\/01\/DSC05827_manufakturmarton_ladedose_blog-495x400.jpg' class='first_thumb lightbox' data-onclick='11' title='Die fertige, frisch lackierte Ladeklappe'  itemprop=\"thumbnailUrl\" ><img data-avia-tooltip='Die fertige, frisch lackierte Ladeklappe' src='https:\/\/www.manufakturmarton.ch\/wp-content\/uploads\/2026\/01\/DSC05827_manufakturmarton_ladedose_blog-495x400.jpg' width='495' height='400'  title='DSC05827_manufakturmarton_ladedose_blog' alt='Finale lackierte Ausf\u00fchrung des Ladedosendeckels f\u00fcr den Delorean' \/><\/a> <a href='https:\/\/www.manufakturmarton.ch\/wp-content\/uploads\/2026\/01\/DSC05873_manufakturmarton_ladedose_blog.jpg' data-rel='gallery-1' data-prev-img='https:\/\/www.manufakturmarton.ch\/wp-content\/uploads\/2026\/01\/DSC05873_manufakturmarton_ladedose_blog-495x400.jpg' class='lightbox' data-onclick='12' title='Ladeklappe im Einsatz'  itemprop=\"thumbnailUrl\" ><img data-avia-tooltip='Ladeklappe im Einsatz' src='https:\/\/www.manufakturmarton.ch\/wp-content\/uploads\/2026\/01\/DSC05873_manufakturmarton_ladedose_blog-495x400.jpg' width='495' height='400'  title='DSC05873_manufakturmarton_ladedose_blog' alt='Detailaufnahme. Die offene Ladeklappe, mit eingestecktem CCS-Stecker, von unten aufgenommen. Im Hintergrund das Solardach der Ladestation.' \/><\/a> <a href='https:\/\/www.manufakturmarton.ch\/wp-content\/uploads\/2026\/01\/144719_manufakturmarton_ladedose_blog.jpg' data-rel='gallery-1' data-prev-img='https:\/\/www.manufakturmarton.ch\/wp-content\/uploads\/2026\/01\/144719_manufakturmarton_ladedose_blog-495x400.jpg' class='lightbox' data-onclick='13' title='Ladeklappe im Einsatz'  itemprop=\"thumbnailUrl\" ><img data-avia-tooltip='Ladeklappe im Einsatz' src='https:\/\/www.manufakturmarton.ch\/wp-content\/uploads\/2026\/01\/144719_manufakturmarton_ladedose_blog-495x400.jpg' width='495' height='400'  title='144719_manufakturmarton_ladedose_blog' alt='Delorean wird an der Lades\u00e4ule geladen. Ansicht des ganzen Fahrzeugs, leicht schr\u00e4g.' \/><\/a> <a href='https:\/\/www.manufakturmarton.ch\/wp-content\/uploads\/2026\/01\/DSC05912_manufakturmarton_ladedose_blog.jpg' data-rel='gallery-1' data-prev-img='https:\/\/www.manufakturmarton.ch\/wp-content\/uploads\/2026\/01\/DSC05912_manufakturmarton_ladedose_blog-495x400.jpg' class='lightbox' data-onclick='14' title='Die geschlossene Ladeklappe.'  itemprop=\"thumbnailUrl\" ><img data-avia-tooltip='Die geschlossene Ladeklappe. ' src='https:\/\/www.manufakturmarton.ch\/wp-content\/uploads\/2026\/01\/DSC05912_manufakturmarton_ladedose_blog-495x400.jpg' width='495' height='400'  title='DSC05912_manufakturmarton_ladedose_blog' alt='Die geschlossene Ladedose. Die Lamellenoptik wiederholt sich im Heck des Fahrzeugs.' \/><\/a><\/div><\/div><\/div>\n<div class=\"flex_column av_one_fourth  flex_column_div av-zero-column-padding first  avia-builder-el-6  el_after_av_two_third  el_before_av_two_third  column-top-margin\" style='border-radius:0px; '><\/div>\n<div class=\"flex_column av_two_third  flex_column_div av-zero-column-padding   avia-builder-el-7  el_after_av_one_fourth  el_before_av_one_fourth  column-top-margin\" style='border-radius:0px; '><section class=\"av_textblock_section\"  itemscope=\"itemscope\" itemtype=\"https:\/\/schema.org\/BlogPosting\" itemprop=\"blogPost\" ><div class='avia_textblock'   itemprop=\"text\" ><h3>Fiat 500<\/h3>\n<p>Beim Fiat konnten wir auf keine der bestehenden \u00d6ffnungen zur\u00fcckgreifen. Also musste eine neue \u00d6ffnung geschaffen werden. Bei der Suche nach einem passenden Ort spielte unter anderem auch der Gep\u00e4cktr\u00e4ger eine Rolle. Schliesslich will man nicht jedes Mal den Koffer vom Gep\u00e4cktr\u00e4ger schnallen, um an die Ladedose zu kommen. Die Wahl fiel auf die Stelle, an der auch original das Logo des Fahrzeugs angebracht ist. Dieses erh\u00e4lt somit gleich eine neue Funktion, es dient nun als Halter zum \u00d6ffnen der Klappe.<\/p>\n<\/div><\/section><\/div><div class=\"flex_column av_one_fourth  flex_column_div av-zero-column-padding first  avia-builder-el-9  el_after_av_two_third  el_before_av_two_third  column-top-margin\" style='border-radius:0px; '><\/div><\/p>\n<div class=\"flex_column av_two_third  flex_column_div av-zero-column-padding   avia-builder-el-10  el_after_av_one_fourth  el_before_av_one_fourth  column-top-margin\" style='border-radius:0px; '><div  class='avia-gallery  avia-gallery-2 animations_off  avia_animate_when_visible  avia-builder-el-11  avia-builder-el-no-sibling'  itemprop=\"image\" itemscope=\"itemscope\" itemtype=\"https:\/\/schema.org\/ImageObject\" ><div class='avia-gallery-thumb'> <a href='https:\/\/www.manufakturmarton.ch\/wp-content\/uploads\/2026\/01\/DSC08397_manufakturmarton_ladedose_blog.jpg' data-rel='gallery-2' data-prev-img='https:\/\/www.manufakturmarton.ch\/wp-content\/uploads\/2026\/01\/DSC08397_manufakturmarton_ladedose_blog-495x400.jpg' class='first_thumb lightbox' data-onclick='1' title='CAD bedeutet manchmal auch Cardboard Aided Design. Kartonmodell der Montageplatte f\u00fcr die CCS-Dose.'  itemprop=\"thumbnailUrl\" ><img data-avia-tooltip='CAD bedeutet manchmal auch Cardboard Aided Design. Kartonmodell der Montageplatte f\u00fcr die CCS-Dose.' src='https:\/\/www.manufakturmarton.ch\/wp-content\/uploads\/2026\/01\/DSC08397_manufakturmarton_ladedose_blog-495x400.jpg' width='495' height='400'  title='DSC08397_manufakturmarton_ladedose_blog' alt='Planung Positionierung der Ladedose im Fiat 500. Man blickt auf das offene Heck des Autos, die Ladedose ist vorerst an einer Halterung aus gefaltetem Karton montiert.' \/><\/a> <a href='https:\/\/www.manufakturmarton.ch\/wp-content\/uploads\/2026\/01\/DSC08405_manufakturmarton_ladedose_blog2.jpg' data-rel='gallery-2' data-prev-img='https:\/\/www.manufakturmarton.ch\/wp-content\/uploads\/2026\/01\/DSC08405_manufakturmarton_ladedose_blog2-495x400.jpg' class='lightbox' data-onclick='2' title='Markierung der k\u00fcnftigen Position der Ladeklappe'  itemprop=\"thumbnailUrl\" ><img data-avia-tooltip='Markierung der k\u00fcnftigen Position der Ladeklappe' src='https:\/\/www.manufakturmarton.ch\/wp-content\/uploads\/2026\/01\/DSC08405_manufakturmarton_ladedose_blog2-495x400.jpg' width='495' height='400'  title='DSC08405_manufakturmarton_ladedose_blog2' alt='Die Heckklappe des Fiat 500 in mittelblau. Die Stelle, an die k\u00fcnftig die Ladeklappe kommen soll, ist mit Malerklebeband markiert.' \/><\/a> <a href='https:\/\/www.manufakturmarton.ch\/wp-content\/uploads\/2026\/01\/DSC08829_manufakturmarton_ladedose_blog2.jpg' data-rel='gallery-2' data-prev-img='https:\/\/www.manufakturmarton.ch\/wp-content\/uploads\/2026\/01\/DSC08829_manufakturmarton_ladedose_blog2-495x400.jpg' class='lightbox' data-onclick='3' title='Der Ausschnitt f\u00fcr die Ladeklappe'  itemprop=\"thumbnailUrl\" ><img data-avia-tooltip='Der Ausschnitt f\u00fcr die Ladeklappe' src='https:\/\/www.manufakturmarton.ch\/wp-content\/uploads\/2026\/01\/DSC08829_manufakturmarton_ladedose_blog2-495x400.jpg' width='495' height='400'  title='DSC08829_manufakturmarton_ladedose_blog2' alt='Die Heckklappe des Fiat 500 in mittelblau. Die Ladedose wurde nun aus dem Heck herausgeschnitten.' \/><\/a> <a href='https:\/\/www.manufakturmarton.ch\/wp-content\/uploads\/2026\/01\/DSC08886_manufakturmartin_ladedose_blog.jpg' data-rel='gallery-2' data-prev-img='https:\/\/www.manufakturmarton.ch\/wp-content\/uploads\/2026\/01\/DSC08886_manufakturmartin_ladedose_blog-495x400.jpg' class='lightbox' data-onclick='4' title='Test der Haltekonstruktion'  itemprop=\"thumbnailUrl\" ><img data-avia-tooltip='Test der Haltekonstruktion' src='https:\/\/www.manufakturmarton.ch\/wp-content\/uploads\/2026\/01\/DSC08886_manufakturmartin_ladedose_blog-495x400.jpg' width='495' height='400'  title='DSC08886_manufakturmartin_ladedose_blog' alt='Bei offener Heckklappe ist der CCS-Stecker eingesteckt. Eine Konstruktion aus Aluminium h\u00e4lt die Ladedose.' \/><\/a> <a href='https:\/\/www.manufakturmarton.ch\/wp-content\/uploads\/2026\/01\/manufakturmarton_ladedose_blog.jpg' data-rel='gallery-2' data-prev-img='https:\/\/www.manufakturmarton.ch\/wp-content\/uploads\/2026\/01\/manufakturmarton_ladedose_blog-495x400.jpg' class='lightbox' data-onclick='5' title='CAD-Modell. Hier ohne Karton.'  itemprop=\"thumbnailUrl\" ><img data-avia-tooltip='CAD-Modell. Hier ohne Karton.' src='https:\/\/www.manufakturmarton.ch\/wp-content\/uploads\/2026\/01\/manufakturmarton_ladedose_blog-495x400.jpg' width='495' height='400'  title='manufakturmarton_ladedose_blog' alt='Ladedose CAD-Konstruktion f\u00fcr Fiat 500 Elektro' \/><\/a> <a href='https:\/\/www.manufakturmarton.ch\/wp-content\/uploads\/2026\/01\/DSC09950_manufakturmarton_ladedose_blog.jpg' data-rel='gallery-2' data-prev-img='https:\/\/www.manufakturmarton.ch\/wp-content\/uploads\/2026\/01\/DSC09950_manufakturmarton_ladedose_blog-495x400.jpg' class='first_thumb lightbox' data-onclick='6' title='Der fertige Halter f\u00fcr die Ladedose.'  itemprop=\"thumbnailUrl\" ><img data-avia-tooltip='Der fertige Halter f\u00fcr die Ladedose.' src='https:\/\/www.manufakturmarton.ch\/wp-content\/uploads\/2026\/01\/DSC09950_manufakturmarton_ladedose_blog-495x400.jpg' width='495' height='400'  title='DSC09950_manufakturmarton_ladedose_blog' alt='Die finale Version der Haltekonstruktion, nun scharz lackiert.' \/><\/a> <a href='https:\/\/www.manufakturmarton.ch\/wp-content\/uploads\/2026\/01\/DSC09132_manufakturmartin_ladedose_blog.jpg' data-rel='gallery-2' data-prev-img='https:\/\/www.manufakturmarton.ch\/wp-content\/uploads\/2026\/01\/DSC09132_manufakturmartin_ladedose_blog-495x400.jpg' class='lightbox' data-onclick='7' title='Neue Ladeklappe, noch im Rohzustand'  itemprop=\"thumbnailUrl\" ><img data-avia-tooltip='Neue Ladeklappe, noch im Rohzustand' src='https:\/\/www.manufakturmarton.ch\/wp-content\/uploads\/2026\/01\/DSC09132_manufakturmartin_ladedose_blog-495x400.jpg' width='495' height='400'  title='DSC09132_manufakturmartin_ladedose_blog' alt='Ladeklappe, noch roh und schwarz, mit originalem Fiatschriftzug f\u00fcr den elektrifizierten Fiat 500. Eine Hand h\u00e4lt sie etwas offen.' \/><\/a> <a href='https:\/\/www.manufakturmarton.ch\/wp-content\/uploads\/2026\/01\/DSC09953_manufakturmarton_ladedose_blog.jpg' data-rel='gallery-2' data-prev-img='https:\/\/www.manufakturmarton.ch\/wp-content\/uploads\/2026\/01\/DSC09953_manufakturmarton_ladedose_blog-495x400.jpg' class='lightbox' data-onclick='8' title='Die fertige Ladeklappe'  itemprop=\"thumbnailUrl\" ><img data-avia-tooltip='Die fertige Ladeklappe' src='https:\/\/www.manufakturmarton.ch\/wp-content\/uploads\/2026\/01\/DSC09953_manufakturmarton_ladedose_blog-495x400.jpg' width='495' height='400'  title='DSC09953_manufakturmarton_ladedose_blog' alt='Ladeklappe des Fiat 500, jetzt ebenfalls mittelblau lackiert und geschlossen' \/><\/a><\/div><\/div><\/div><div class=\"flex_column av_one_fourth  flex_column_div av-zero-column-padding first  avia-builder-el-12  el_after_av_two_third  el_before_av_two_third  column-top-margin\" style='border-radius:0px; '><\/div><\/p>\n<div class=\"flex_column av_two_third  flex_column_div av-zero-column-padding   avia-builder-el-13  el_after_av_one_fourth  el_before_av_one_fourth  column-top-margin\" style='border-radius:0px; '><section class=\"av_textblock_section\"  itemscope=\"itemscope\" itemtype=\"https:\/\/schema.org\/BlogPosting\" itemprop=\"blogPost\" ><div class='avia_textblock'   itemprop=\"text\" ><h3>Jaguar XK 150<\/h3>\n<p>Selbst bei Fahrzeugen, die bereits \u00fcber eine Tankklappe verf\u00fcgen, ist die Platzierung der Ladedose nicht immer ganz trivial. Auch beim <a href=\"https:\/\/www.manufakturmarton.ch\/en\/jaguar-xk150\/\">Jaguar XK 150<\/a> konnte die bestehende Tankklappe nicht eins zu eins \u00fcbernommen werden. Hier war wegen des Verschlussmechanismus und eines recht volumin\u00f6sen Scharniers zu wenig Platz f\u00fcr die CCS-Dose, und auch insgesamt war die \u00d6ffnung etwas zu schmal. Die \u00d6ffnung haben wir leicht vergr\u00f6ssert, ein weniger volumin\u00f6ses Scharnier verbaut, und das Schloss durch einen kleinen Halter ersetzt. Dank eines Magnets schliesst die Klappe sicher.<\/p>\n<\/div><\/section><\/div>\n<div class=\"flex_column av_one_fourth  flex_column_div av-zero-column-padding first  avia-builder-el-15  el_after_av_two_third  el_before_av_two_third  column-top-margin\" style='border-radius:0px; '><\/div>\n<div class=\"flex_column av_two_third  flex_column_div av-zero-column-padding   avia-builder-el-16  el_after_av_one_fourth  avia-builder-el-last  column-top-margin\" style='border-radius:0px; '><div  class='avia-gallery  avia-gallery-3 animations_off  avia_animate_when_visible  avia-builder-el-17  avia-builder-el-no-sibling'  itemprop=\"image\" itemscope=\"itemscope\" itemtype=\"https:\/\/schema.org\/ImageObject\" ><div class='avia-gallery-thumb'> <a href='https:\/\/www.manufakturmarton.ch\/wp-content\/uploads\/2026\/01\/DSC07106_manufakturmarton_ladedose_blog.jpg' data-rel='gallery-3' data-prev-img='https:\/\/www.manufakturmarton.ch\/wp-content\/uploads\/2026\/01\/DSC07106_manufakturmarton_ladedose_blog-495x400.jpg' class='first_thumb lightbox' data-onclick='1' title='Heck des Jaguars, vor seinem Umbau. Die Tankklappe wurde mittels Schloss verschlossen'  itemprop=\"thumbnailUrl\" ><img data-avia-tooltip='Heck des Jaguars, vor seinem Umbau. Die Tankklappe wurde mittels Schloss verschlossen' src='https:\/\/www.manufakturmarton.ch\/wp-content\/uploads\/2026\/01\/DSC07106_manufakturmarton_ladedose_blog-495x400.jpg' width='495' height='400'  title='DSC07106_manufakturmarton_ladedose_blog' alt='Heck des Jaguar XK150, auf dem Bild sieht man unter anderem die verschlossene Tankklappe.' \/><\/a> <a href='https:\/\/www.manufakturmarton.ch\/wp-content\/uploads\/2026\/01\/DSC09756_manufakturmarton_ladedose_blog.jpg' data-rel='gallery-3' data-prev-img='https:\/\/www.manufakturmarton.ch\/wp-content\/uploads\/2026\/01\/DSC09756_manufakturmarton_ladedose_blog-495x400.jpg' class='lightbox' data-onclick='2' title='Da die \u00d6ffnung minimal vergr\u00f6ssert werden musste, wurde alles neu grundiert und anschliessend lackert'  itemprop=\"thumbnailUrl\" ><img data-avia-tooltip='Da die \u00d6ffnung minimal vergr\u00f6ssert werden musste, wurde alles neu grundiert und anschliessend lackert' src='https:\/\/www.manufakturmarton.ch\/wp-content\/uploads\/2026\/01\/DSC09756_manufakturmarton_ladedose_blog-495x400.jpg' width='495' height='400'  title='DSC09756_manufakturmarton_ladedose_blog' alt='Ansicht auf Ladedose im noch nicht fertig lackiertem Jaguar XK150' \/><\/a> <a href='https:\/\/www.manufakturmarton.ch\/wp-content\/uploads\/2026\/01\/DSC02464_manufakturmarton_ladedose_blog.jpg' data-rel='gallery-3' data-prev-img='https:\/\/www.manufakturmarton.ch\/wp-content\/uploads\/2026\/01\/DSC02464_manufakturmarton_ladedose_blog-495x400.jpg' class='lightbox' data-onclick='3' title='Ladeklappe offen'  itemprop=\"thumbnailUrl\" ><img data-avia-tooltip='Ladeklappe offen' src='https:\/\/www.manufakturmarton.ch\/wp-content\/uploads\/2026\/01\/DSC02464_manufakturmarton_ladedose_blog-495x400.jpg' width='495' height='400'  title='DSC02464_manufakturmarton_ladedose_blog' alt='Ladekabel ist in Ladedose des elektrifizierten Jaguar XK150 eingesteckt' \/><\/a> <a href='https:\/\/www.manufakturmarton.ch\/wp-content\/uploads\/2026\/01\/DSC02183_manufakturmarton_ladedose_blog.jpg' data-rel='gallery-3' data-prev-img='https:\/\/www.manufakturmarton.ch\/wp-content\/uploads\/2026\/01\/DSC02183_manufakturmarton_ladedose_blog-495x400.jpg' class='lightbox' data-onclick='4' title='Ladeklappe geschlossen. Statt des Schlosses kann sie nun an einem kleinen Hebel ge\u00f6ffnet werden.'  itemprop=\"thumbnailUrl\" ><img data-avia-tooltip='Ladeklappe geschlossen. Statt des Schlosses kann sie nun an einem kleinen Hebel ge\u00f6ffnet werden.' src='https:\/\/www.manufakturmarton.ch\/wp-content\/uploads\/2026\/01\/DSC02183_manufakturmarton_ladedose_blog-495x400.jpg' width='495' height='400'  title='DSC02183_manufakturmarton_ladedose_blog' alt='Hinter dem ehemaligen Tankdeckel befindet sich die Ladedose des elektrifizierten Jaguar XK150. Statt eines Schlosses ist nun ein chromefarbiger kleiner Halter angebracht, an dem die Klappe angehoben werden kann' \/><\/a><\/div><\/div><\/div>","protected":false},"excerpt":{"rendered":"<p>Na logisch, dort hin, wo fr\u00fcher getankt wurde!<\/p>\n<p>Ganz so einfach ist das dann aber oft doch nicht. <\/p>\n<p>Warum, und wie man die Herausforderung angehen kann, erf\u00e4hrst du in unseren News.<\/p>","protected":false},"author":3,"featured_media":10959,"comment_status":"closed","ping_status":"open","sticky":false,"template":"","format":"standard","meta":{"activitypub_content_warning":"","activitypub_content_visibility":""},"categories":[58,21],"tags":[],"aioseo_notices":[],"_links":{"self":[{"href":"https:\/\/www.manufakturmarton.ch\/en\/wp-json\/wp\/v2\/posts\/10928"}],"collection":[{"href":"https:\/\/www.manufakturmarton.ch\/en\/wp-json\/wp\/v2\/posts"}],"about":[{"href":"https:\/\/www.manufakturmarton.ch\/en\/wp-json\/wp\/v2\/types\/post"}],"author":[{"embeddable":true,"href":"https:\/\/www.manufakturmarton.ch\/en\/wp-json\/wp\/v2\/users\/3"}],"replies":[{"embeddable":true,"href":"https:\/\/www.manufakturmarton.ch\/en\/wp-json\/wp\/v2\/comments?post=10928"}],"version-history":[{"count":14,"href":"https:\/\/www.manufakturmarton.ch\/en\/wp-json\/wp\/v2\/posts\/10928\/revisions"}],"predecessor-version":[{"id":10997,"href":"https:\/\/www.manufakturmarton.ch\/en\/wp-json\/wp\/v2\/posts\/10928\/revisions\/10997"}],"wp:featuredmedia":[{"embeddable":true,"href":"https:\/\/www.manufakturmarton.ch\/en\/wp-json\/wp\/v2\/media\/10959"}],"wp:attachment":[{"href":"https:\/\/www.manufakturmarton.ch\/en\/wp-json\/wp\/v2\/media?parent=10928"}],"wp:term":[{"taxonomy":"category","embeddable":true,"href":"https:\/\/www.manufakturmarton.ch\/en\/wp-json\/wp\/v2\/categories?post=10928"},{"taxonomy":"post_tag","embeddable":true,"href":"https:\/\/www.manufakturmarton.ch\/en\/wp-json\/wp\/v2\/tags?post=10928"}],"curies":[{"name":"wp","href":"https:\/\/api.w.org\/{rel}","templated":true}]}}